[{"@context":"https:\/\/schema.org\/","@type":"Article","@id":"https:\/\/www.inkano.cz\/co-byste-meli-vedet-nez-si-poridite-tazne-zarizeni\/#Article","mainEntityOfPage":"https:\/\/www.inkano.cz\/co-byste-meli-vedet-nez-si-poridite-tazne-zarizeni\/","headline":"Co byste m\u011bli v\u011bd\u011bt, ne\u017e si po\u0159\u00edd\u00edte ta\u017en\u00e9 za\u0159\u00edzen\u00ed","name":"Co byste m\u011bli v\u011bd\u011bt, ne\u017e si po\u0159\u00edd\u00edte ta\u017en\u00e9 za\u0159\u00edzen\u00ed","description":"St\u00e1v\u00e1te se v\u00edce p\u00e1ny situace \u2013 vozidlo s ta\u017en\u00fdm za\u0159\u00edzen\u00edm lze pova\u017eovat v jist\u00e9m slova smyslu za j\u00edzdn\u00ed soupravu. M\u016f\u017eete toti\u017e kdykoli p\u0159ipojit vhodn\u00fd typ<span class=\"more-button\"><a href=\"https:\/\/www.inkano.cz\/co-byste-meli-vedet-nez-si-poridite-tazne-zarizeni\/\" class=\"more-link\">P\u0159e\u010d\u00edst<span class=\"screen-reader-text\">Co byste m\u011bli v\u011bd\u011bt, ne\u017e si po\u0159\u00edd\u00edte ta\u017en\u00e9 za\u0159\u00edzen\u00ed<\/span><\/a><\/a>","datePublished":"2022-02-04","dateModified":"2023-06-06","author":{"@type":"Person","@id":"https:\/\/www.inkano.cz\/author\/#Person","name":"","url":"https:\/\/www.inkano.cz\/author\/","identifier":1,"image":{"@type":"ImageObject","@id":"https:\/\/secure.gravatar.com\/avatar\/91b1fc57487c55a66a7777af0dd690bf69c571b4a9b15cda0db8854a78b7888c?s=96&d=mm&r=g","url":"https:\/\/secure.gravatar.com\/avatar\/91b1fc57487c55a66a7777af0dd690bf69c571b4a9b15cda0db8854a78b7888c?s=96&d=mm&r=g","height":96,"width":96}},"publisher":{"@type":"Organization","name":"inkano.cz","logo":{"@type":"ImageObject","@id":"\/logo.png","url":"\/logo.png","width":600,"height":60}},"image":{"@type":"ImageObject","@id":"https:\/\/www.inkano.cz\/wp-content\/uploads\/trailer-g9ef64a2ad_640.jpg","url":"https:\/\/www.inkano.cz\/wp-content\/uploads\/trailer-g9ef64a2ad_640.jpg","height":0,"width":0},"url":"https:\/\/www.inkano.cz\/co-byste-meli-vedet-nez-si-poridite-tazne-zarizeni\/","about":["Produkty"],"wordCount":407,"articleBody":"   St\u00e1v\u00e1te se v\u00edce p\u00e1ny situace \u2013 vozidlo s ta\u017en\u00fdm za\u0159\u00edzen\u00edm lze pova\u017eovat v jist\u00e9m slova smyslu za j\u00edzdn\u00ed soupravu. M\u016f\u017eete toti\u017e kdykoli p\u0159ipojit vhodn\u00fd typ p\u0159\u00edv\u011bsu a zv\u00fd\u0161it u\u017eitnou hodnotu sv\u00e9ho vozu o dal\u0161\u00ed prvek. Ta\u017en\u00e1 za\u0159\u00edzen\u00ed na Fabii II si obvykle po\u0159izuj\u00ed lid\u00e9, co se neradi spol\u00e9haj\u00ed na vn\u011bj\u0161\u00ed okolnosti a rad\u011bji si v\u0161e organizuj\u00ed sami. St\u00e1vaj\u00ed se p\u00e1ny situac\u00ed p\u0159i pl\u00e1nov\u00e1n\u00ed dovolen\u00e9 s obytn\u00fdm karavanem nebo s nosi\u010dem j\u00edzdn\u00edch kol, s voz\u00edkem pro p\u0159epravu kon\u00ed nebo s p\u0159\u00edv\u011bsem se sva\u0159ovanou n\u00e1stavbou pro cestov\u00e1n\u00ed s lo\u010fmi. Z\u00e1rove\u0148 si sami zorganizuj\u00ed st\u011bhov\u00e1n\u00ed s p\u0159\u00edv\u011bsn\u00fdm voz\u00edkem, p\u0159ev\u00e1\u017een\u00ed v\u011bc\u00ed na chalupu, n\u00e1kup n\u00e1bytku, stavebn\u00edho \u010di zahradnick\u00e9ho materi\u00e1lu atd.Dbejte na homologovan\u00e9 v\u00fdrobky \u2013 ta\u017en\u00e1 za\u0159\u00edzen\u00ed mus\u00ed b\u00fdt bezpe\u010dn\u00e1 nejen na pap\u00ed\u0159e, ale hlavn\u011b v ter\u00e9nu. Mus\u00edte m\u00edt jistotu, \u017ee se na kouli za autem m\u016f\u017eete stoprocentn\u011b spolehnout poka\u017ed\u00e9, kdy db\u00e1te na jej\u00ed spr\u00e1vn\u00e9 vyu\u017e\u00edv\u00e1n\u00ed, zejm\u00e9na co se t\u00fd\u010de povolen\u00e9 z\u00e1t\u011b\u017ee. Na v\u00fdb\u011br m\u00e1te ta\u017en\u00e1 za\u0159\u00edzen\u00ed odn\u00edmateln\u00e1 nebo pevn\u00e1, kter\u00e1 jsou \u010dast\u011bj\u0161\u00ed variantou, a mnohdy i v\u00fdhodn\u011bj\u0161\u00ed.Nezapome\u0148te, \u017ee m\u00e1te n\u00e1v\u011bs za sebou &#8211; \u0159\u00edzen\u00ed soupravy s p\u0159ipojen\u00fdm voz\u00edkem \u010di karavanem vy\u017eaduje odli\u0161n\u00e1 pravidla, nap\u0159. dodr\u017eov\u00e1n\u00ed bezpe\u010dn\u00e9 vzd\u00e1lenosti, zm\u011bnu v akceleraci, v\u010dasn\u00fd odhad dopravn\u00edch situac\u00ed v\u010detn\u011b brzdn\u00e9 dr\u00e1hy a hlavn\u011b nep\u0159ece\u0148ov\u00e1n\u00ed vlastn\u00edch schopnost\u00ed.Vlastnictv\u00ed versus pron\u00e1jmy \u2013 za socialismu b\u00fdvalo zvykem, \u017ee kdo m\u011bl kouli za autem, obvykle m\u011bl k dispozici i vlastn\u00ed p\u0159\u00edv\u011bs, v t\u00e9 dob\u011b neexistovaly \u017e\u00e1dn\u00e9 ofici\u00e1ln\u00ed p\u016fj\u010dovny voz\u00edk\u016f \u010di karavan\u016f, co\u017e znamenalo v\u017edy vy\u0161\u0161\u00ed investici do dal\u0161\u00edho p\u0159\u00edslu\u0161enstv\u00ed. Dnes si m\u016f\u017eete pohodln\u011b pronajmout celou \u0159adu p\u0159\u00edv\u011bs\u016f na libovoln\u011b voliteln\u00fd \u010dasov\u00fd rozsah, je to v\u00fdhodn\u00e9 pro kutily, zahr\u00e1dk\u00e1\u0159e, chata\u0159e i milovn\u00edky dobrodru\u017estv\u00ed, kte\u0159\u00ed svou dovolenou tr\u00e1v\u00ed rad\u011bji v kempech, ne\u017e v p\u0159epln\u011bn\u00fdch hotel\u00edch.                                                                                                                                                                                                                                                                                                                                                                                          3.5\/5 - (6 votes)        "},{"@context":"https:\/\/schema.org\/","@type":"BreadcrumbList","itemListElement":[{"@type":"ListItem","position":1,"name":"Co byste m\u011bli v\u011bd\u011bt, ne\u017e si po\u0159\u00edd\u00edte ta\u017en\u00e9 za\u0159\u00edzen\u00ed","item":"https:\/\/www.inkano.cz\/co-byste-meli-vedet-nez-si-poridite-tazne-zarizeni\/#breadcrumbitem"}]}]